{"id":10029,"date":"2022-07-15T18:18:52","date_gmt":"2022-07-15T18:18:52","guid":{"rendered":"http:\/\/lahora.mx\/?p=10029"},"modified":"2022-07-15T18:18:55","modified_gmt":"2022-07-15T18:18:55","slug":"se-entregan-plazas-a-docentes-barbosa","status":"publish","type":"post","link":"https:\/\/lahora.mx\/index.php\/2022\/07\/15\/se-entregan-plazas-a-docentes-barbosa\/","title":{"rendered":"Se entregan plazas a docentes: Barbosa"},"content":{"rendered":"\n<p>Plazas para maestros de alto nivel acad\u00e9mico, con maestr\u00edas, doctorados y m\u00e1s, se las repartieron a diestra y siniestra, eran formas de privilegios para el control pol\u00edtico de grupos docentes, ah\u00ed est\u00e1n alojados muchos liders del magisterio y su familia\u00bb, indic\u00f3 el mandatario estatal Miguel Barbosa Huerta.<\/p>\n\n\n\n<p>De acuerdo con un comunicado de la SEP, se ha notificado a los docentes que, en un plazo determinado, justifiquen que cumplen con los requerimientos de la asignaci\u00f3n y proporcionen los documentos que acrediten el perfil acad\u00e9mico: grado de maestr\u00eda en Educaci\u00f3n o disciplinas afines o doctorado en Educaci\u00f3n; de igual manera deber\u00e1n comprobar horario, plaza, lugar de adscripci\u00f3n que tienen asignado, as\u00ed como los oficios de compatibilidad de horarios respecto a las plazas que tengan asignadas.<\/p>\n\n\n\n<p>Indic\u00f3 que se har\u00e1 la revisi\u00f3n correspondiente del otorgamiento de plazas para maestros denominadas \u201cMaestro Tiempo Completo Titular C\u00bb ya que fueron identificadas irregularidades en su otorgamiento durante pasadas administraciones.<\/p>\n\n\n\n<p>\u00ab\u2026 ah\u00ed los l\u00edderes de los maestros ah\u00ed estaban con sus parientes, con sus hijos, hay proceso de revisi\u00f3n de ese asunto, yo espero pronto que el titular de la SEP informe esto, de uno de los muchos vicios que en el c\u00famulo de la n\u00f3mina de los educadores, tiene que haber una revisi\u00f3n permanente, ah\u00ed est\u00e1n alojados muchos l\u00edderes con familia\u00bb, concluy\u00f3.<\/p>\n","protected":false},"excerpt":{"rendered":"<p>Plazas para maestros de alto nivel acad\u00e9mico, con maestr\u00edas, doctorados y m\u00e1s, se las repartieron a diestra y siniestra, eran formas de privilegios para el control pol\u00edtico de grupos docentes, ah\u00ed est\u00e1n alojados muchos liders del magisterio y su familia\u00bb, indic\u00f3 el mandatario estatal Miguel Barbosa Huerta. De acuerdo con un comunicado de la SEP, [&hellip;]<\/p>\n","protected":false},"author":4,"featured_media":10030,"comment_status":"open","ping_status":"open","sticky":false,"template":"","format":"standard","meta":{"om_disable_all_campaigns":false,"_monsterinsights_skip_tracking":false,"_monsterinsights_sitenote_active":false,"_monsterinsights_sitenote_note":"","_monsterinsights_sitenote_category":0,"footnotes":""},"categories":[175],"tags":[195,223],"class_list":["post-10029","post","type-post","status-publish","format-standard","has-post-thumbnail","hentry","category-local","tag-principal","tag-puebla"],"amp_enabled":true,"_links":{"self":[{"href":"https:\/\/lahora.mx\/index.php\/wp-json\/wp\/v2\/posts\/10029","targetHints":{"allow":["GET"]}}],"collection":[{"href":"https:\/\/lahora.mx\/index.php\/wp-json\/wp\/v2\/posts"}],"about":[{"href":"https:\/\/lahora.mx\/index.php\/wp-json\/wp\/v2\/types\/post"}],"author":[{"embeddable":true,"href":"https:\/\/lahora.mx\/index.php\/wp-json\/wp\/v2\/users\/4"}],"replies":[{"embeddable":true,"href":"https:\/\/lahora.mx\/index.php\/wp-json\/wp\/v2\/comments?post=10029"}],"version-history":[{"count":1,"href":"https:\/\/lahora.mx\/index.php\/wp-json\/wp\/v2\/posts\/10029\/revisions"}],"predecessor-version":[{"id":10031,"href":"https:\/\/lahora.mx\/index.php\/wp-json\/wp\/v2\/posts\/10029\/revisions\/10031"}],"wp:featuredmedia":[{"embeddable":true,"href":"https:\/\/lahora.mx\/index.php\/wp-json\/wp\/v2\/media\/10030"}],"wp:attachment":[{"href":"https:\/\/lahora.mx\/index.php\/wp-json\/wp\/v2\/media?parent=10029"}],"wp:term":[{"taxonomy":"category","embeddable":true,"href":"https:\/\/lahora.mx\/index.php\/wp-json\/wp\/v2\/categories?post=10029"},{"taxonomy":"post_tag","embeddable":true,"href":"https:\/\/lahora.mx\/index.php\/wp-json\/wp\/v2\/tags?post=10029"}],"curies":[{"name":"wp","href":"https:\/\/api.w.org\/{rel}","templated":true}]}}