{"id":10025,"date":"2022-07-15T15:36:51","date_gmt":"2022-07-15T15:36:51","guid":{"rendered":"http:\/\/lahora.mx\/?p=10025"},"modified":"2022-07-15T15:37:57","modified_gmt":"2022-07-15T15:37:57","slug":"este-verano-2022-se-esperan-mas-de-medio-millon-de-turistas-en-la-capital-poblana","status":"publish","type":"post","link":"https:\/\/lahora.mx\/index.php\/2022\/07\/15\/este-verano-2022-se-esperan-mas-de-medio-millon-de-turistas-en-la-capital-poblana\/","title":{"rendered":"Este verano 2022 se esperan mas de medio mill\u00f3n de turistas en la capital poblana"},"content":{"rendered":"\n<p>Puebla capital est\u00e1 lista para deleitar al turismo local, nacional y extranjero con grandes experiencias gastron\u00f3micas, actividades culturales, espect\u00e1culos deportivos, rutas patrimoniales y religiosas que har\u00e1n de la Angel\u00f3polis el destino ideal para visitar este verano.<\/p>\n\n\n\n<p>Durante julio y agosto se espera la llegada de m\u00e1s de medio mill\u00f3n de personas, revel\u00f3 Eduardo Rivera P\u00e9rez, Presidente Municipal, durante la presentaci\u00f3n de la Agenda de Actividades Tur\u00edsticas de temporada, la cual busca \u00abque el rumbo de la ciudad se construya alimentado el esp\u00edritu, con arte y entretenimiento al que todos tenemos derecho a disfrutar\u00bb.<\/p>\n\n\n\n<p>Es as\u00ed como se apost\u00f3 por una gama diversa de experiencias que permitir\u00e1n poner el nombre de Puebla en alto, como una ciudad que lo tiene todo:<\/p>\n\n\n\n<ul class=\"wp-block-list\"><li>La Temporada del Chile en Nogada, en la que se espera vender hasta tres millones de platillos.<\/li><li>Recorridos tur\u00edsticos peatonales y en turibus por las calles del Centro Hist\u00f3rico, la \u00abRuta de los Murales Urbanos\u00bb en barrios fundacionales, y por \u00abUn dulce recorrido\u00bb el andador 5 de Mayo y la famosa Calle de los Dulces.<\/li><li>Noche de Museos el s\u00e1bado 16 de julio, en el que participan 25 recintos y el s\u00e1bado 6 de agosto, en el que participan 42 museos y por primera vez el Acuario Michin.<\/li><li>El tradicional \u00abTopet\u00f3n\u00bb, representaci\u00f3n del abrazo de las im\u00e1genes de San Francisco de As\u00eds y Santo Domingo el s\u00e1bado 6 de agosto, en el que se esperan dos mil asistentes.<\/li><li>Video Mapping en la Catedral de Puebla.<\/li><li>Visitas al Cuexcomate, el volc\u00e1n m\u00e1s peque\u00f1o del mundo.<\/li><li>El Torneo Nacional de Tenis Juvenil del 15 al 22 de julio y el Torneo Nacional de Street Soccer \u201cDe la Calle a la Cancha\u201d del 25 al 30 de julio.<\/li><li>Fest\u00edn Poblano, que reunir\u00e1 a artesanos y productores locales en el Paseo Bravo el 30 y 31 de julio<\/li><\/ul>\n\n\n\n<p>\u00abEs una gran oportunidad para recuperar la econom\u00eda de nuestro Municipio [\u2026] Con dos meses que van a redundar en empleos y calidad de vida para nuestra gente\u00bb, coment\u00f3 Oswaldo Jim\u00e9nez L\u00f3pez, Diputado Local por la LXI Legislatura del Congreso del Estado, sobre todas estas actividades especiales que ya puede consultarse a detalle en las redes sociales del Gobierno Municipal: @PueblaAyto en Twitter y @HAyuntamientoDePuebla en Facebook.<\/p>\n\n\n\n<p>Acompa\u00f1aron en esta presentaci\u00f3n de la Agenda Tur\u00edsticas para Verano 2022 Manuel Dom\u00ednguez, Presidente de la Asociaci\u00f3n de Hoteles y Moteles de Puebla; Fernando Cameras, Presidente del Consejo de Participaci\u00f3n Ciudadana de Turismo; Mariela Alarc\u00f3n G\u00e1lvez, Regidora Integrante de la Comisi\u00f3n de Participaci\u00f3n Ciudadana; Alejandro Ca\u00f1edo Priesca, Secretario de Econom\u00eda y Turismo; Berenice Vidal Castel\u00e1n, Gerente del Centro Hist\u00f3rico y Patrimonio Cultural; y Fabi\u00e1n Valdivia P\u00e9rez, Director del Instituto Municipal de Arte y Cultura de Puebla.<\/p>\n","protected":false},"excerpt":{"rendered":"<p>Puebla capital est\u00e1 lista para deleitar al turismo local, nacional y extranjero con grandes experiencias gastron\u00f3micas, actividades culturales, espect\u00e1culos deportivos, rutas patrimoniales y religiosas que har\u00e1n de la Angel\u00f3polis el destino ideal para visitar este verano. Durante julio y agosto se espera la llegada de m\u00e1s de medio mill\u00f3n de personas, revel\u00f3 Eduardo Rivera P\u00e9rez, [&hellip;]<\/p>\n","protected":false},"author":4,"featured_media":10026,"comment_status":"open","ping_status":"open","sticky":false,"template":"","format":"standard","meta":{"om_disable_all_campaigns":false,"_monsterinsights_skip_tracking":false,"_monsterinsights_sitenote_active":false,"_monsterinsights_sitenote_note":"","_monsterinsights_sitenote_category":0,"footnotes":""},"categories":[175],"tags":[223],"class_list":["post-10025","post","type-post","status-publish","format-standard","has-post-thumbnail","hentry","category-local","tag-puebla"],"amp_enabled":true,"_links":{"self":[{"href":"https:\/\/lahora.mx\/index.php\/wp-json\/wp\/v2\/posts\/10025","targetHints":{"allow":["GET"]}}],"collection":[{"href":"https:\/\/lahora.mx\/index.php\/wp-json\/wp\/v2\/posts"}],"about":[{"href":"https:\/\/lahora.mx\/index.php\/wp-json\/wp\/v2\/types\/post"}],"author":[{"embeddable":true,"href":"https:\/\/lahora.mx\/index.php\/wp-json\/wp\/v2\/users\/4"}],"replies":[{"embeddable":true,"href":"https:\/\/lahora.mx\/index.php\/wp-json\/wp\/v2\/comments?post=10025"}],"version-history":[{"count":1,"href":"https:\/\/lahora.mx\/index.php\/wp-json\/wp\/v2\/posts\/10025\/revisions"}],"predecessor-version":[{"id":10027,"href":"https:\/\/lahora.mx\/index.php\/wp-json\/wp\/v2\/posts\/10025\/revisions\/10027"}],"wp:featuredmedia":[{"embeddable":true,"href":"https:\/\/lahora.mx\/index.php\/wp-json\/wp\/v2\/media\/10026"}],"wp:attachment":[{"href":"https:\/\/lahora.mx\/index.php\/wp-json\/wp\/v2\/media?parent=10025"}],"wp:term":[{"taxonomy":"category","embeddable":true,"href":"https:\/\/lahora.mx\/index.php\/wp-json\/wp\/v2\/categories?post=10025"},{"taxonomy":"post_tag","embeddable":true,"href":"https:\/\/lahora.mx\/index.php\/wp-json\/wp\/v2\/tags?post=10025"}],"curies":[{"name":"wp","href":"https:\/\/api.w.org\/{rel}","templated":true}]}}