{"id":10021,"date":"2022-07-15T15:30:13","date_gmt":"2022-07-15T15:30:13","guid":{"rendered":"http:\/\/lahora.mx\/?p=10021"},"modified":"2022-07-15T15:30:14","modified_gmt":"2022-07-15T15:30:14","slug":"atrapan-al-feminicida-de-una-joven-en-el-carnaval-de-rivera-anaya","status":"publish","type":"post","link":"https:\/\/lahora.mx\/index.php\/2022\/07\/15\/atrapan-al-feminicida-de-una-joven-en-el-carnaval-de-rivera-anaya\/","title":{"rendered":"Atrapan al feminicida de una joven en el carnaval de Rivera Anaya"},"content":{"rendered":"\n<p>La Fiscal\u00eda General del Estado de Puebla solicit\u00f3, obtuvo y cumpli\u00f3 orden de aprehensi\u00f3n contra Eder Ariel N., investigado por los delitos de homicidio calificado y homicidio calificado en grado de tentativa.<\/p>\n\n\n\n<p>El 13 de marzo de 2022 durante un baile con motivo del cierre de carnaval del Infonavit Manuel Rivera Anaya, se registr\u00f3 una ri\u00f1a entre diversas personas; las v\u00edctimas de 22 y 18 a\u00f1os intervinieron en favor de sus acompa\u00f1antes, momento en que el aprehendido las agredi\u00f3 con un arma punzo cortante.<\/p>\n\n\n\n<p>Una de las j\u00f3venes perdi\u00f3 la vida, mientras que la segunda present\u00f3 lesiones que le dejaron como secuela la p\u00e9rdida de un ri\u00f1\u00f3n.<\/p>\n\n\n\n<p>Por los hechos, la Fiscal\u00eda General del Estado de Puebla solicit\u00f3 y obtuvo orden de aprehensi\u00f3n que agentes investigadores cumplieron en contra de Eder Ariel N., el 13 de julio del presente a\u00f1o.<\/p>\n","protected":false},"excerpt":{"rendered":"<p>La Fiscal\u00eda General del Estado de Puebla solicit\u00f3, obtuvo y cumpli\u00f3 orden de aprehensi\u00f3n contra Eder Ariel N., investigado por los delitos de homicidio calificado y homicidio calificado en grado de tentativa. El 13 de marzo de 2022 durante un baile con motivo del cierre de carnaval del Infonavit Manuel Rivera Anaya, se registr\u00f3 una [&hellip;]<\/p>\n","protected":false},"author":4,"featured_media":10023,"comment_status":"open","ping_status":"open","sticky":false,"template":"","format":"standard","meta":{"om_disable_all_campaigns":false,"_monsterinsights_skip_tracking":false,"_monsterinsights_sitenote_active":false,"_monsterinsights_sitenote_note":"","_monsterinsights_sitenote_category":0,"footnotes":""},"categories":[175],"tags":[195,223],"class_list":["post-10021","post","type-post","status-publish","format-standard","has-post-thumbnail","hentry","category-local","tag-principal","tag-puebla"],"amp_enabled":true,"_links":{"self":[{"href":"https:\/\/lahora.mx\/index.php\/wp-json\/wp\/v2\/posts\/10021","targetHints":{"allow":["GET"]}}],"collection":[{"href":"https:\/\/lahora.mx\/index.php\/wp-json\/wp\/v2\/posts"}],"about":[{"href":"https:\/\/lahora.mx\/index.php\/wp-json\/wp\/v2\/types\/post"}],"author":[{"embeddable":true,"href":"https:\/\/lahora.mx\/index.php\/wp-json\/wp\/v2\/users\/4"}],"replies":[{"embeddable":true,"href":"https:\/\/lahora.mx\/index.php\/wp-json\/wp\/v2\/comments?post=10021"}],"version-history":[{"count":1,"href":"https:\/\/lahora.mx\/index.php\/wp-json\/wp\/v2\/posts\/10021\/revisions"}],"predecessor-version":[{"id":10024,"href":"https:\/\/lahora.mx\/index.php\/wp-json\/wp\/v2\/posts\/10021\/revisions\/10024"}],"wp:featuredmedia":[{"embeddable":true,"href":"https:\/\/lahora.mx\/index.php\/wp-json\/wp\/v2\/media\/10023"}],"wp:attachment":[{"href":"https:\/\/lahora.mx\/index.php\/wp-json\/wp\/v2\/media?parent=10021"}],"wp:term":[{"taxonomy":"category","embeddable":true,"href":"https:\/\/lahora.mx\/index.php\/wp-json\/wp\/v2\/categories?post=10021"},{"taxonomy":"post_tag","embeddable":true,"href":"https:\/\/lahora.mx\/index.php\/wp-json\/wp\/v2\/tags?post=10021"}],"curies":[{"name":"wp","href":"https:\/\/api.w.org\/{rel}","templated":true}]}}