{"id":10012,"date":"2022-07-15T03:19:06","date_gmt":"2022-07-15T03:19:06","guid":{"rendered":"http:\/\/lahora.mx\/?p=10012"},"modified":"2022-07-15T03:19:46","modified_gmt":"2022-07-15T03:19:46","slug":"promoveran-la-educacion-e-inclusion-financiera-en-los-jovenes-aprueban-comisiones-del-congreso","status":"publish","type":"post","link":"https:\/\/lahora.mx\/index.php\/2022\/07\/15\/promoveran-la-educacion-e-inclusion-financiera-en-los-jovenes-aprueban-comisiones-del-congreso\/","title":{"rendered":"Promover\u00e1n la educaci\u00f3n e inclusi\u00f3n financiera en los j\u00f3venes; aprueban Comisiones del Congreso"},"content":{"rendered":"\n<p>Las Comisiones Unidas de Educaci\u00f3n y Desarrollo Econ\u00f3mico, que encabezan la diputada Xel Arianna Hern\u00e1ndez Garc\u00eda y el diputado N\u00e9stor Camarillo Medina, aprobaron una iniciativa para promover la educaci\u00f3n e inclusi\u00f3n financiera en los j\u00f3venes.<\/p>\n\n\n\n<p>La iniciativa fue presentada inicialmente por el diputado Fernando Morales Mart\u00ednez, en su propuesta, plante\u00f3 cambios a la Ley de Desarrollo Econ\u00f3mico Sustentable y a la Ley de Educaci\u00f3n, para integrar el concepto de inclusi\u00f3n financiera y promover entre los j\u00f3venes sus componentes.<\/p>\n\n\n\n<p>El principal objetivo es establecer que las y los j\u00f3venes conozcan los beneficios de la educaci\u00f3n y la inclusi\u00f3n financiera para su desarrollo econ\u00f3mico y la mejora de su calidad de vida.<\/p>\n\n\n\n<p>Al respecto, la diputada Xel Arianna Hern\u00e1ndez expres\u00f3 la importancia de que los j\u00f3venes conozcan conceptos como la inclusi\u00f3n financiera, para optimizar sus recursos y que se fomente el esp\u00edritu emprendedor.<\/p>\n\n\n\n<p>En la sesi\u00f3n de Comisiones Unidas estuvieron las diputadas Erika Patricia Valencia \u00c1vila, Aurora Sierra Rodr\u00edguez, Laura Zapata Mart\u00ednez y Ruth Z\u00e1rate Dom\u00ednguez, as\u00ed como los diputados N\u00e9stor Camarillo Medina, Adolfo Alatriste Cant\u00fa, Jos\u00e9 Miguel Octaviano Huerta Rodr\u00edguez, Carlos Navarro Corro, Mariano Hern\u00e1ndez Reyes e Iv\u00e1n Herrera Villag\u00f3mez.<\/p>\n\n\n\n<p>DESDE EL SECTOR EDUCATIVO SE PROMOVER\u00c1 LA CONSERVACI\u00d3N DEL MEDIO AMBIENTE<br>Por otra parte, en sesi\u00f3n de la Comisi\u00f3n de Educaci\u00f3n, se aprobaron diversas reformas y adiciones a la Ley de Educaci\u00f3n Inicial, la Ley de Educaci\u00f3n y la Ley de Educaci\u00f3n Superior, con el objetivo de establecer diversas acciones que contribuyan a la conservaci\u00f3n y restauraci\u00f3n del medio ambiente.<\/p>\n\n\n\n<p>Con las modificaciones, se establece que los programas educativos promover\u00e1n la educaci\u00f3n sostenible, as\u00ed como el conocimiento, respeto y cuidado del medio ambiente.<br>Adem\u00e1s, en el \u00e1mbito de sus atribuciones y en coordinaci\u00f3n con las autoridades competentes se promover\u00e1 la participaci\u00f3n de la comunidad escolar en campa\u00f1as de reforestaci\u00f3n y manejo racional de agua y residuos; la instalaci\u00f3n y funcionamiento, cuando las condiciones lo permitan, de huertos y\/o viveros escolares; as\u00ed como el destino de una superficie de suelo para compostas.<\/p>\n\n\n\n<p>Sobre el tema, la presidenta de la Comisi\u00f3n de Educaci\u00f3n Xel Arianna Hern\u00e1ndez se\u00f1al\u00f3 que con estas modificaciones se va a enriquecer la actividad que se realiza en las aulas y se brindar\u00e1n las herramientas necesarias a los docentes para generar conciencia en los estudiantes.<\/p>\n\n\n\n<p>A la Comisi\u00f3n de Educaci\u00f3n tambi\u00e9n asistieron las diputadas Erika Patricia Valencia \u00c1vila, Aurora Sierra Rodr\u00edguez y Laura Ivonne Zapata Mart\u00ednez, as\u00ed como los diputados Carlos Navarro Corro y Mariano Hern\u00e1ndez Reyes. Adem\u00e1s, se cont\u00f3 con la presencia del diputado Roberto Sol\u00eds Valles, uno de los promoventes de la iniciativa.<\/p>\n","protected":false},"excerpt":{"rendered":"<p>Las Comisiones Unidas de Educaci\u00f3n y Desarrollo Econ\u00f3mico, que encabezan la diputada Xel Arianna Hern\u00e1ndez Garc\u00eda y el diputado N\u00e9stor Camarillo Medina, aprobaron una iniciativa para promover la educaci\u00f3n e inclusi\u00f3n financiera en los j\u00f3venes. La iniciativa fue presentada inicialmente por el diputado Fernando Morales Mart\u00ednez, en su propuesta, plante\u00f3 cambios a la Ley de [&hellip;]<\/p>\n","protected":false},"author":4,"featured_media":10013,"comment_status":"open","ping_status":"open","sticky":false,"template":"","format":"standard","meta":{"om_disable_all_campaigns":false,"_monsterinsights_skip_tracking":false,"_monsterinsights_sitenote_active":false,"_monsterinsights_sitenote_note":"","_monsterinsights_sitenote_category":0,"footnotes":""},"categories":[175],"tags":[223],"class_list":["post-10012","post","type-post","status-publish","format-standard","has-post-thumbnail","hentry","category-local","tag-puebla"],"amp_enabled":true,"_links":{"self":[{"href":"https:\/\/lahora.mx\/index.php\/wp-json\/wp\/v2\/posts\/10012","targetHints":{"allow":["GET"]}}],"collection":[{"href":"https:\/\/lahora.mx\/index.php\/wp-json\/wp\/v2\/posts"}],"about":[{"href":"https:\/\/lahora.mx\/index.php\/wp-json\/wp\/v2\/types\/post"}],"author":[{"embeddable":true,"href":"https:\/\/lahora.mx\/index.php\/wp-json\/wp\/v2\/users\/4"}],"replies":[{"embeddable":true,"href":"https:\/\/lahora.mx\/index.php\/wp-json\/wp\/v2\/comments?post=10012"}],"version-history":[{"count":2,"href":"https:\/\/lahora.mx\/index.php\/wp-json\/wp\/v2\/posts\/10012\/revisions"}],"predecessor-version":[{"id":10550,"href":"https:\/\/lahora.mx\/index.php\/wp-json\/wp\/v2\/posts\/10012\/revisions\/10550"}],"wp:featuredmedia":[{"embeddable":true,"href":"https:\/\/lahora.mx\/index.php\/wp-json\/wp\/v2\/media\/10013"}],"wp:attachment":[{"href":"https:\/\/lahora.mx\/index.php\/wp-json\/wp\/v2\/media?parent=10012"}],"wp:term":[{"taxonomy":"category","embeddable":true,"href":"https:\/\/lahora.mx\/index.php\/wp-json\/wp\/v2\/categories?post=10012"},{"taxonomy":"post_tag","embeddable":true,"href":"https:\/\/lahora.mx\/index.php\/wp-json\/wp\/v2\/tags?post=10012"}],"curies":[{"name":"wp","href":"https:\/\/api.w.org\/{rel}","templated":true}]}}