{"id":10006,"date":"2022-07-15T03:12:31","date_gmt":"2022-07-15T03:12:31","guid":{"rendered":"http:\/\/lahora.mx\/?p=10006"},"modified":"2022-07-15T03:12:31","modified_gmt":"2022-07-15T03:12:31","slug":"detienen-a-cuatro-sujetos-en-la-avenida-juarez-por-robo-de-cableado","status":"publish","type":"post","link":"https:\/\/lahora.mx\/index.php\/2022\/07\/15\/detienen-a-cuatro-sujetos-en-la-avenida-juarez-por-robo-de-cableado\/","title":{"rendered":"Detienen a cuatro sujetos en la Avenida Ju\u00e1rez por robo de cableado"},"content":{"rendered":"\n<p>A trav\u00e9s de un reporte v\u00eda C5i, agentes de la Polic\u00eda Estatal detuvieron a cuatro personas por su presunta responsabilidad en robo de cableado.<\/p>\n\n\n\n<p>Los uniformados ubicaron a \u00d3scar S., Germ\u00e1n T., Jos\u00e9 Luis B. y Luis Geovanni C. en inmediaciones de la Avenida Ju\u00e1rez.<\/p>\n\n\n\n<p>Tras realizar una revisi\u00f3n a sus pertenencias, los agentes aseguraron fragmentos de cable de cobre, el cual presuntamente fue sustra\u00eddo de un poste propiedad de una empresa telef\u00f3nica.<\/p>\n","protected":false},"excerpt":{"rendered":"<p>A trav\u00e9s de un reporte v\u00eda C5i, agentes de la Polic\u00eda Estatal detuvieron a cuatro personas por su presunta responsabilidad en robo de cableado. Los uniformados ubicaron a \u00d3scar S., Germ\u00e1n T., Jos\u00e9 Luis B. y Luis Geovanni C. en inmediaciones de la Avenida Ju\u00e1rez. Tras realizar una revisi\u00f3n a sus pertenencias, los agentes aseguraron [&hellip;]<\/p>\n","protected":false},"author":4,"featured_media":10007,"comment_status":"open","ping_status":"open","sticky":false,"template":"","format":"standard","meta":{"om_disable_all_campaigns":false,"_monsterinsights_skip_tracking":false,"_monsterinsights_sitenote_active":false,"_monsterinsights_sitenote_note":"","_monsterinsights_sitenote_category":0,"footnotes":""},"categories":[175],"tags":[],"class_list":["post-10006","post","type-post","status-publish","format-standard","has-post-thumbnail","hentry","category-local"],"amp_enabled":true,"_links":{"self":[{"href":"https:\/\/lahora.mx\/index.php\/wp-json\/wp\/v2\/posts\/10006","targetHints":{"allow":["GET"]}}],"collection":[{"href":"https:\/\/lahora.mx\/index.php\/wp-json\/wp\/v2\/posts"}],"about":[{"href":"https:\/\/lahora.mx\/index.php\/wp-json\/wp\/v2\/types\/post"}],"author":[{"embeddable":true,"href":"https:\/\/lahora.mx\/index.php\/wp-json\/wp\/v2\/users\/4"}],"replies":[{"embeddable":true,"href":"https:\/\/lahora.mx\/index.php\/wp-json\/wp\/v2\/comments?post=10006"}],"version-history":[{"count":1,"href":"https:\/\/lahora.mx\/index.php\/wp-json\/wp\/v2\/posts\/10006\/revisions"}],"predecessor-version":[{"id":10008,"href":"https:\/\/lahora.mx\/index.php\/wp-json\/wp\/v2\/posts\/10006\/revisions\/10008"}],"wp:featuredmedia":[{"embeddable":true,"href":"https:\/\/lahora.mx\/index.php\/wp-json\/wp\/v2\/media\/10007"}],"wp:attachment":[{"href":"https:\/\/lahora.mx\/index.php\/wp-json\/wp\/v2\/media?parent=10006"}],"wp:term":[{"taxonomy":"category","embeddable":true,"href":"https:\/\/lahora.mx\/index.php\/wp-json\/wp\/v2\/categories?post=10006"},{"taxonomy":"post_tag","embeddable":true,"href":"https:\/\/lahora.mx\/index.php\/wp-json\/wp\/v2\/tags?post=10006"}],"curies":[{"name":"wp","href":"https:\/\/api.w.org\/{rel}","templated":true}]}}